{"id":188,"date":"2020-10-14T21:01:21","date_gmt":"2020-10-14T19:01:21","guid":{"rendered":"https:\/\/marta-tafelski.com\/?p=188"},"modified":"2023-09-17T15:50:47","modified_gmt":"2023-09-17T13:50:47","slug":"badz-zmiana-ktora-pragniesz-ujrzec-w-swiecie-mahatma-ghandi","status":"publish","type":"post","link":"https:\/\/marta-tafelski.com\/de\/badz-zmiana-ktora-pragniesz-ujrzec-w-swiecie-mahatma-ghandi\/","title":{"rendered":"\u201cB\u0105d\u017a zmian\u0105, kt\u00f3r\u0105 pragniesz ujrze\u0107 w \u015bwiecie\u201d \u2013 Mahatma Ghandi"},"content":{"rendered":"<div data-elementor-type=\"wp-post\" data-elementor-id=\"188\" class=\"elementor elementor-188\">\n\t\t\t\t\t\t<section class=\"elementor-section elementor-top-section elementor-element elementor-element-336a2696 elementor-section-boxed elementor-section-height-default elementor-section-height-default\" data-id=\"336a2696\" data-element_type=\"section\">\n\t\t\t\t\t\t<div class=\"elementor-container elementor-column-gap-default\">\n\t\t\t\t\t<div class=\"elementor-column elementor-col-100 elementor-top-column elementor-element elementor-element-315d27df\" data-id=\"315d27df\" data-element_type=\"column\">\n\t\t\t<div class=\"elementor-widget-wrap elementor-element-populated\">\n\t\t\t\t\t\t<div class=\"elementor-element elementor-element-4d763883 elementor-widget elementor-widget-text-editor\" data-id=\"4d763883\" data-element_type=\"widget\" data-widget_type=\"text-editor.default\">\n\t\t\t\t<div class=\"elementor-widget-container\">\n\t\t\t\t\t\t\t\t\t<p>S\u0142ynny cytat wielkiego indyjskiego przyw\u00f3dcy Mahatma Ghandi g\u0142osi:<\/p><h2><strong><span style=\"color: #f69581;\">\u201cB\u0105d\u017a zmian\u0105, kt\u00f3r\u0105 pragniesz ujrze\u0107 w \u015bwiecie\u201d<\/span><\/strong><\/h2><p>W tych s\u0142owach zawarty jest bardzo konkretny przekaz: je\u015bli pragniesz zmiany w \u015bwiecie \u2013 zacznij od siebie, od pracy nad sob\u0105.<\/p><p>Cz\u0119sto jednak wydaje nam si\u0119, \u017ce zmiana powinna b\u0105d\u017a musi przyj\u015b\u0107 z zewn\u0105trz. My\u015blimy, \u017ce okoliczno\u015bci b\u0105d\u017a inni wok\u00f3\u0142 nas powinny si\u0119 zmieni\u0107, dopasowa\u0107 tak by sprosta\u0107 naszym oczekiwaniom i \u017c\u0105daniom. Nie jeste\u015bmy \u015bwiadomi, \u017ce takie podej\u015bcie do \u017cycia pozbawia nas poczucia odpowiedzialno\u015bci i bardzo nas ogranicza.<\/p><p>Nie\u015bwiadomie tkwimy w postawie ofiary, szukaj\u0105c winnych za nasze niepowodzenia b\u0105d\u017a sytuacje w jakich si\u0119 znajdujemy.<br \/>Taka postawa doprowadza do tego, \u017ce oddajemy w\u0142adz\u0119 nad w\u0142asnym \u017cyciem w cudze r\u0119ce. Nie\u015bwiadomie poddajemy si\u0119 czyim\u015b decyzjom b\u0105d\u017a okoliczno\u015bciom.<br \/><strong>Je\u015bli pragniesz zmiany w swoim \u017cyciu to przede wszystkim:<\/strong><\/p><h3><span style=\"color: #f69581;\"><strong>Przejmij odpowiedzialno\u015b\u0107 za swoje \u017cycie!<\/strong><\/span><\/h3><p>Wiedz, \u017ce gdziekolwiek teraz jeste\u015b w \u017cyciu, w jakiejkolwiek sytuacji si\u0119 znajdujesz to ty i tylko ty jeste\u015b za to odpowiedzialna\/y. Ta my\u015bl mo\u017ce si\u0119 cz\u0119sto wyda\u0107 takim kub\u0142em zimnej wody wylanej nam na g\u0142ow\u0119, ale zauwa\u017c, \u017ce w niej tkwi r\u00f3wnie\u017c co\u015b wyzwalaj\u0105cego. Je\u015bli sobie u\u015bwiadomisz, \u017ce tylko ty jeste\u015b odpowiedzialna\/y za swoje \u017cycie, to po pierwsze wychodzisz z roli ofiary, a po drugie odzyskujesz w ko\u0144cu w\u0142adz\u0119 nad swoim \u017cyciem. Od teraz mo\u017cesz je kreowa\u0107 dok\u0142adnie tak, jak tego chcesz.<\/p><p>Przyjrzyj si\u0119 dok\u0142adnie sobie w lustrze, doce\u0144 swoj\u0105 warto\u015b\u0107 i pi\u0119kne rzeczy w sobie. R\u00f3wnie\u017c postan\u00f3w odkry\u0107 ogromne z\u0142o\u017ca swojej osobowo\u015bci, potencja\u0142u i energii tw\u00f3rczej, a wszystko co ju\u017c Ci nie s\u0142u\u017cy, albo stoi na przeszkodzie, zoptymalizuj b\u0105d\u017a kompletnie wyrzu\u0107.<\/p><h3><span style=\"color: #f69581;\"><strong>Zadbaj o swoj\u0105 energi\u0119!<\/strong><\/span><\/h3><p>Jako\u015b\u0107 twojej energii czyli wysoko\u015b\u0107 jej wibracji s\u0105 fundamentem do twojej zmiany. Zarz\u0105dzaj zatem swoj\u0105 energi\u0105 \u015bwiadomie i rozs\u0105dnie. Nie trwo\u0144 jej na prawo i lewo, dbaj o jej jako\u015b\u0107 i trwa\u0142o\u015b\u0107.<br \/>Mi\u0142o\u015b\u0107 i akceptacja to energia o najwy\u017cszej wibracji, gdzie strach i l\u0119k to jej przeciwie\u0144stwa.<\/p><p>Zadbaj zatem o to by wysy\u0142a\u0107 jak najwi\u0119cej energii mi\u0142o\u015bci i akceptacji, by przej\u0105\u0107 kontrol\u0119 nad w\u0142asnymi my\u015blami. Dlaczego? Dlatego, \u017ce wed\u0142ug prawa przyci\u0105gania, podobne przyci\u0105ga podobne, to znaczy pozytywne przyci\u0105ga pozytywne, a negatywne przyci\u0105ga negatywne.<\/p><p>W ksi\u0105\u017cce Krzysztofa Trybulskiego: \u201eSekrety prawa przyci\u0105gania\u201d\u00a0mo\u017cesz poczyta\u0107 o zasadach dzia\u0142ania tego prawa i o ogromnym znaczeniu naszej wysy\u0142anej energii. Polecam ci j\u0105 od serca.<\/p><p>Darmowa wersja Audio, ksi\u0105\u017cki\u00a0 \u201eSekrety prawa przyci\u0105gania\u201d znajdziesz\u00a0<a href=\"https:\/\/bit.ly\/2TiX2Zr\" target=\"_blank\" rel=\"noopener\">Tutaj<\/a>\u00a0<\/p><p>To co wysy\u0142amy na zewn\u0105trz, wraca do nas ze zdwojona si\u0142\u0105. Dobro przyci\u0105ga dobro i je mno\u017cy. Kiedy wysy\u0142amy energi\u0119 o niskich wibracjach (takich jak strach, l\u0119k, z\u0142o\u015b\u0107, nienawi\u015b\u0107), taka w\u0142a\u015bnie do nas wr\u00f3ci, tak\u0105 mno\u017cymy, a ona niestety przywi\u0105zuje nas do braku i niedostatku.<\/p><p>Swoim \u201ema\u0142ym\u201d indywidualnym wk\u0142adem wysy\u0142anej energii do wszech\u015bwiata, wp\u0142ywamy na poszerzanie dobra i dostatku we wszech\u015bwiecie. Ono b\u0119dzie si\u0119 manifestowa\u0107 w \u015brodku i na zewn\u0105trz. Je\u015bli pokarzesz innym jak zmieniasz siebie i swoj\u0105 rzeczywisto\u015b\u0107, je\u015bli si\u0119 transformujesz, spe\u0142niasz i jeste\u015b szcz\u0119\u015bliwym cz\u0142owiekiem, stajesz si\u0119 dla nich inspiracj\u0105 i dobrym przyk\u0142adem. To zach\u0119ci ich do w\u0142asnej zmiany i u\u015bwiadomi, \u017ce zmiana i transformacja jest mo\u017cliwa. Tworzysz w ten spos\u00f3b grup\u0119 ludzi, kt\u00f3rzy poszerzaj\u0105 kr\u0105g mi\u0142o\u015bci i akceptacji, szcz\u0119\u015bcia i spe\u0142nienia, dobrobytu i rado\u015bci.<\/p><p><span style=\"color: #f69581;\"><strong>\u201eB\u0105d\u017a zmian\u0105 kt\u00f3r\u0105 chcesz ujrze\u0107 w \u015bwiecie\u201d!<\/strong><\/span><\/p><p>Pami\u0119taj! Wszech\u015bwiat profituje z energii mi\u0142o\u015bci i dostatku, a traci na energii strachu i niedoboru.<\/p><h3><span style=\"color: #f69581;\"><strong>Wzbogacaj \u017cycie innych, a oni wzbogac\u0105 twoje!<\/strong><\/span><\/h3><p>Je\u015bli m\u00f3j wpis okaza\u0142 si\u0119 dla Ciebie warto\u015bciowy, daj mi koniecznie zna\u0107 w komentarzu poni\u017cej! Ka\u017cda Twoja opinia jest dla mnie cenna i z wielk\u0105 ch\u0119ci\u0105 j\u0105 przeczytam.<span style=\"background-color: #f7f7f8; color: #374151; font-family: S\u00f6hne, ui-sans-serif, system-ui, -apple-system, 'Segoe UI', Roboto, Ubuntu, Cantarell, 'Noto Sans', sans-serif, 'Helvetica Neue', Arial, 'Apple Color Emoji', 'Segoe UI Emoji', 'Segoe UI Symbol', 'Noto Color Emoji'; font-size: 16px; white-space-collapse: preserve;\">&#8222;Realizacja Cel\u00f3w z Metod\u0105 SMART: Klucz do Osobistego Sukcesu&#8221;<\/span><\/p>\t\t\t\t\t\t\t\t<\/div>\n\t\t\t\t<\/div>\n\t\t\t\t\t<\/div>\n\t\t<\/div>\n\t\t\t\t\t<\/div>\n\t\t<\/section>\n\t\t\t\t<\/div>","protected":false},"excerpt":{"rendered":"<p>S\u0142ynny cytat wielkiego indyjskiego przyw\u00f3dcy Mahatma Ghandi g\u0142osi: \u201cB\u0105d\u017a zmian\u0105, kt\u00f3r\u0105 pragniesz ujrze\u0107 w \u015bwiecie\u201d W tych s\u0142owach zawarty jest bardzo konkretny przekaz: je\u015bli pragniesz &hellip; <\/p>","protected":false},"author":1,"featured_media":2075,"comment_status":"open","ping_status":"open","sticky":false,"template":"","format":"standard","meta":{"footnotes":""},"categories":[3,4],"tags":[],"yoast_head":"<!-- This site is optimized with the Yoast SEO plugin v23.8 - https:\/\/yoast.com\/wordpress\/plugins\/seo\/ -->\n<title>\u201cB\u0105d\u017a zmian\u0105, kt\u00f3r\u0105 pragniesz ujrze\u0107 w \u015bwiecie\u201d \u2013 Mahatma Ghandi | Marta Tafelski<\/title>\n<meta name=\"description\" content=\"\u201cB\u0105d\u017a zmian\u0105, kt\u00f3r\u0105 pragniesz ujrze\u0107 w \u015bwiecie\u201d \u2013 Mahatma Ghandi. W tych s\u0142owach zawarty jest bardzo konkretny przekaz: zacznij od sie...\" \/>\n<meta name=\"robots\" content=\"index, follow, max-snippet:-1, max-image-preview:large, max-video-preview:-1\" \/>\n<link rel=\"canonical\" href=\"https:\/\/marta-tafelski.com\/de\/badz-zmiana-ktora-pragniesz-ujrzec-w-swiecie-mahatma-ghandi\/\" \/>\n<meta property=\"og:locale\" content=\"de_DE\" \/>\n<meta property=\"og:type\" content=\"article\" \/>\n<meta property=\"og:title\" content=\"\u201cB\u0105d\u017a zmian\u0105, kt\u00f3r\u0105 pragniesz ujrze\u0107 w \u015bwiecie\u201d \u2013 Mahatma Ghandi | Marta Tafelski\" \/>\n<meta property=\"og:description\" content=\"\u201cB\u0105d\u017a zmian\u0105, kt\u00f3r\u0105 pragniesz ujrze\u0107 w \u015bwiecie\u201d \u2013 Mahatma Ghandi. W tych s\u0142owach zawarty jest bardzo konkretny przekaz: zacznij od sie...\" \/>\n<meta property=\"og:url\" content=\"https:\/\/marta-tafelski.com\/de\/badz-zmiana-ktora-pragniesz-ujrzec-w-swiecie-mahatma-ghandi\/\" \/>\n<meta property=\"og:site_name\" content=\"Marta Tafelski\" \/>\n<meta property=\"article:publisher\" content=\"https:\/\/www.facebook.com\/marta.tafelski\" \/>\n<meta property=\"article:author\" content=\"https:\/\/www.facebook.com\/marta.tafelski\" \/>\n<meta property=\"article:published_time\" content=\"2020-10-14T19:01:21+00:00\" \/>\n<meta property=\"article:modified_time\" content=\"2023-09-17T13:50:47+00:00\" \/>\n<meta property=\"og:image\" content=\"https:\/\/marta-tafelski.com\/wp-content\/uploads\/2020\/10\/Marta-Tafelski-Badz-zmiana-1-e1674499579292.jpg\" \/>\n\t<meta property=\"og:image:width\" content=\"734\" \/>\n\t<meta property=\"og:image:height\" content=\"838\" \/>\n\t<meta property=\"og:image:type\" content=\"image\/jpeg\" \/>\n<meta name=\"author\" content=\"Marta Tafelski\" \/>\n<meta name=\"twitter:card\" content=\"summary_large_image\" \/>\n<meta name=\"twitter:label1\" content=\"Verfasst von\" \/>\n\t<meta name=\"twitter:data1\" content=\"Marta Tafelski\" \/>\n\t<meta name=\"twitter:label2\" content=\"Gesch\u00e4tzte Lesezeit\" \/>\n\t<meta name=\"twitter:data2\" content=\"4\u00a0Minuten\" \/>\n<script type=\"application\/ld+json\" class=\"yoast-schema-graph\">{\"@context\":\"https:\/\/schema.org\",\"@graph\":[{\"@type\":\"Article\",\"@id\":\"https:\/\/marta-tafelski.com\/badz-zmiana-ktora-pragniesz-ujrzec-w-swiecie-mahatma-ghandi\/#article\",\"isPartOf\":{\"@id\":\"https:\/\/marta-tafelski.com\/badz-zmiana-ktora-pragniesz-ujrzec-w-swiecie-mahatma-ghandi\/\"},\"author\":{\"name\":\"Marta Tafelski\",\"@id\":\"https:\/\/marta-tafelski.com\/#\/schema\/person\/65ccabda9c3e0546fd522b12bd1a360c\"},\"headline\":\"\u201cB\u0105d\u017a zmian\u0105, kt\u00f3r\u0105 pragniesz ujrze\u0107 w \u015bwiecie\u201d \u2013 Mahatma Ghandi\",\"datePublished\":\"2020-10-14T19:01:21+00:00\",\"dateModified\":\"2023-09-17T13:50:47+00:00\",\"mainEntityOfPage\":{\"@id\":\"https:\/\/marta-tafelski.com\/badz-zmiana-ktora-pragniesz-ujrzec-w-swiecie-mahatma-ghandi\/\"},\"wordCount\":710,\"commentCount\":0,\"publisher\":{\"@id\":\"https:\/\/marta-tafelski.com\/#\/schema\/person\/65ccabda9c3e0546fd522b12bd1a360c\"},\"image\":{\"@id\":\"https:\/\/marta-tafelski.com\/badz-zmiana-ktora-pragniesz-ujrzec-w-swiecie-mahatma-ghandi\/#primaryimage\"},\"thumbnailUrl\":\"https:\/\/marta-tafelski.com\/wp-content\/uploads\/2020\/10\/Marta-Tafelski-Badz-zmiana-1-e1674499579292.jpg\",\"articleSection\":[\"COACHING\",\"MENTORING\"],\"inLanguage\":\"de\",\"potentialAction\":[{\"@type\":\"CommentAction\",\"name\":\"Comment\",\"target\":[\"https:\/\/marta-tafelski.com\/badz-zmiana-ktora-pragniesz-ujrzec-w-swiecie-mahatma-ghandi\/#respond\"]}]},{\"@type\":\"WebPage\",\"@id\":\"https:\/\/marta-tafelski.com\/badz-zmiana-ktora-pragniesz-ujrzec-w-swiecie-mahatma-ghandi\/\",\"url\":\"https:\/\/marta-tafelski.com\/badz-zmiana-ktora-pragniesz-ujrzec-w-swiecie-mahatma-ghandi\/\",\"name\":\"\u201cB\u0105d\u017a zmian\u0105, kt\u00f3r\u0105 pragniesz ujrze\u0107 w \u015bwiecie\u201d \u2013 Mahatma Ghandi | Marta Tafelski\",\"isPartOf\":{\"@id\":\"https:\/\/marta-tafelski.com\/#website\"},\"primaryImageOfPage\":{\"@id\":\"https:\/\/marta-tafelski.com\/badz-zmiana-ktora-pragniesz-ujrzec-w-swiecie-mahatma-ghandi\/#primaryimage\"},\"image\":{\"@id\":\"https:\/\/marta-tafelski.com\/badz-zmiana-ktora-pragniesz-ujrzec-w-swiecie-mahatma-ghandi\/#primaryimage\"},\"thumbnailUrl\":\"https:\/\/marta-tafelski.com\/wp-content\/uploads\/2020\/10\/Marta-Tafelski-Badz-zmiana-1-e1674499579292.jpg\",\"datePublished\":\"2020-10-14T19:01:21+00:00\",\"dateModified\":\"2023-09-17T13:50:47+00:00\",\"description\":\"\u201cB\u0105d\u017a zmian\u0105, kt\u00f3r\u0105 pragniesz ujrze\u0107 w \u015bwiecie\u201d \u2013 Mahatma Ghandi. W tych s\u0142owach zawarty jest bardzo konkretny przekaz: zacznij od sie...\",\"breadcrumb\":{\"@id\":\"https:\/\/marta-tafelski.com\/badz-zmiana-ktora-pragniesz-ujrzec-w-swiecie-mahatma-ghandi\/#breadcrumb\"},\"inLanguage\":\"de\",\"potentialAction\":[{\"@type\":\"ReadAction\",\"target\":[\"https:\/\/marta-tafelski.com\/badz-zmiana-ktora-pragniesz-ujrzec-w-swiecie-mahatma-ghandi\/\"]}]},{\"@type\":\"ImageObject\",\"inLanguage\":\"de\",\"@id\":\"https:\/\/marta-tafelski.com\/badz-zmiana-ktora-pragniesz-ujrzec-w-swiecie-mahatma-ghandi\/#primaryimage\",\"url\":\"https:\/\/marta-tafelski.com\/wp-content\/uploads\/2020\/10\/Marta-Tafelski-Badz-zmiana-1-e1674499579292.jpg\",\"contentUrl\":\"https:\/\/marta-tafelski.com\/wp-content\/uploads\/2020\/10\/Marta-Tafelski-Badz-zmiana-1-e1674499579292.jpg\",\"width\":734,\"height\":838,\"caption\":\"Marta Tafelski\"},{\"@type\":\"BreadcrumbList\",\"@id\":\"https:\/\/marta-tafelski.com\/badz-zmiana-ktora-pragniesz-ujrzec-w-swiecie-mahatma-ghandi\/#breadcrumb\",\"itemListElement\":[{\"@type\":\"ListItem\",\"position\":1,\"name\":\"Strona g\u0142\u00f3wna\",\"item\":\"https:\/\/marta-tafelski.com\/\"},{\"@type\":\"ListItem\",\"position\":2,\"name\":\"\u201cB\u0105d\u017a zmian\u0105, kt\u00f3r\u0105 pragniesz ujrze\u0107 w \u015bwiecie\u201d \u2013 Mahatma Ghandi\"}]},{\"@type\":\"WebSite\",\"@id\":\"https:\/\/marta-tafelski.com\/#website\",\"url\":\"https:\/\/marta-tafelski.com\/\",\"name\":\"Marta Tafelski\",\"description\":\"Coaching | Music | Consulting\",\"publisher\":{\"@id\":\"https:\/\/marta-tafelski.com\/#\/schema\/person\/65ccabda9c3e0546fd522b12bd1a360c\"},\"potentialAction\":[{\"@type\":\"SearchAction\",\"target\":{\"@type\":\"EntryPoint\",\"urlTemplate\":\"https:\/\/marta-tafelski.com\/?s={search_term_string}\"},\"query-input\":{\"@type\":\"PropertyValueSpecification\",\"valueRequired\":true,\"valueName\":\"search_term_string\"}}],\"inLanguage\":\"de\"},{\"@type\":[\"Person\",\"Organization\"],\"@id\":\"https:\/\/marta-tafelski.com\/#\/schema\/person\/65ccabda9c3e0546fd522b12bd1a360c\",\"name\":\"Marta Tafelski\",\"image\":{\"@type\":\"ImageObject\",\"inLanguage\":\"de\",\"@id\":\"https:\/\/marta-tafelski.com\/#\/schema\/person\/image\/\",\"url\":\"https:\/\/marta-tafelski.com\/wp-content\/uploads\/2024\/11\/LOGO-1.png\",\"contentUrl\":\"https:\/\/marta-tafelski.com\/wp-content\/uploads\/2024\/11\/LOGO-1.png\",\"width\":512,\"height\":512,\"caption\":\"Marta Tafelski\"},\"logo\":{\"@id\":\"https:\/\/marta-tafelski.com\/#\/schema\/person\/image\/\"},\"sameAs\":[\"http:\/\/www.marta-tafelski.com\",\"https:\/\/www.facebook.com\/marta.tafelski\",\"https:\/\/www.instagram.com\/marta.tafelski\/?hl=de\",\"https:\/\/youtube.com\/channel\/UCPTT16OLuyhrNC4K2XlKXPQ\"]}]}<\/script>\n<!-- \/ Yoast SEO plugin. -->","yoast_head_json":{"title":"\u201cB\u0105d\u017a zmian\u0105, kt\u00f3r\u0105 pragniesz ujrze\u0107 w \u015bwiecie\u201d \u2013 Mahatma Ghandi | Marta Tafelski","description":"\u201cB\u0105d\u017a zmian\u0105, kt\u00f3r\u0105 pragniesz ujrze\u0107 w \u015bwiecie\u201d \u2013 Mahatma Ghandi. W tych s\u0142owach zawarty jest bardzo konkretny przekaz: zacznij od sie...","robots":{"index":"index","follow":"follow","max-snippet":"max-snippet:-1","max-image-preview":"max-image-preview:large","max-video-preview":"max-video-preview:-1"},"canonical":"https:\/\/marta-tafelski.com\/de\/badz-zmiana-ktora-pragniesz-ujrzec-w-swiecie-mahatma-ghandi\/","og_locale":"de_DE","og_type":"article","og_title":"\u201cB\u0105d\u017a zmian\u0105, kt\u00f3r\u0105 pragniesz ujrze\u0107 w \u015bwiecie\u201d \u2013 Mahatma Ghandi | Marta Tafelski","og_description":"\u201cB\u0105d\u017a zmian\u0105, kt\u00f3r\u0105 pragniesz ujrze\u0107 w \u015bwiecie\u201d \u2013 Mahatma Ghandi. W tych s\u0142owach zawarty jest bardzo konkretny przekaz: zacznij od sie...","og_url":"https:\/\/marta-tafelski.com\/de\/badz-zmiana-ktora-pragniesz-ujrzec-w-swiecie-mahatma-ghandi\/","og_site_name":"Marta Tafelski","article_publisher":"https:\/\/www.facebook.com\/marta.tafelski","article_author":"https:\/\/www.facebook.com\/marta.tafelski","article_published_time":"2020-10-14T19:01:21+00:00","article_modified_time":"2023-09-17T13:50:47+00:00","og_image":[{"width":734,"height":838,"url":"https:\/\/marta-tafelski.com\/wp-content\/uploads\/2020\/10\/Marta-Tafelski-Badz-zmiana-1-e1674499579292.jpg","type":"image\/jpeg"}],"author":"Marta Tafelski","twitter_card":"summary_large_image","twitter_misc":{"Verfasst von":"Marta Tafelski","Gesch\u00e4tzte Lesezeit":"4\u00a0Minuten"},"schema":{"@context":"https:\/\/schema.org","@graph":[{"@type":"Article","@id":"https:\/\/marta-tafelski.com\/badz-zmiana-ktora-pragniesz-ujrzec-w-swiecie-mahatma-ghandi\/#article","isPartOf":{"@id":"https:\/\/marta-tafelski.com\/badz-zmiana-ktora-pragniesz-ujrzec-w-swiecie-mahatma-ghandi\/"},"author":{"name":"Marta Tafelski","@id":"https:\/\/marta-tafelski.com\/#\/schema\/person\/65ccabda9c3e0546fd522b12bd1a360c"},"headline":"\u201cB\u0105d\u017a zmian\u0105, kt\u00f3r\u0105 pragniesz ujrze\u0107 w \u015bwiecie\u201d \u2013 Mahatma Ghandi","datePublished":"2020-10-14T19:01:21+00:00","dateModified":"2023-09-17T13:50:47+00:00","mainEntityOfPage":{"@id":"https:\/\/marta-tafelski.com\/badz-zmiana-ktora-pragniesz-ujrzec-w-swiecie-mahatma-ghandi\/"},"wordCount":710,"commentCount":0,"publisher":{"@id":"https:\/\/marta-tafelski.com\/#\/schema\/person\/65ccabda9c3e0546fd522b12bd1a360c"},"image":{"@id":"https:\/\/marta-tafelski.com\/badz-zmiana-ktora-pragniesz-ujrzec-w-swiecie-mahatma-ghandi\/#primaryimage"},"thumbnailUrl":"https:\/\/marta-tafelski.com\/wp-content\/uploads\/2020\/10\/Marta-Tafelski-Badz-zmiana-1-e1674499579292.jpg","articleSection":["COACHING","MENTORING"],"inLanguage":"de","potentialAction":[{"@type":"CommentAction","name":"Comment","target":["https:\/\/marta-tafelski.com\/badz-zmiana-ktora-pragniesz-ujrzec-w-swiecie-mahatma-ghandi\/#respond"]}]},{"@type":"WebPage","@id":"https:\/\/marta-tafelski.com\/badz-zmiana-ktora-pragniesz-ujrzec-w-swiecie-mahatma-ghandi\/","url":"https:\/\/marta-tafelski.com\/badz-zmiana-ktora-pragniesz-ujrzec-w-swiecie-mahatma-ghandi\/","name":"\u201cB\u0105d\u017a zmian\u0105, kt\u00f3r\u0105 pragniesz ujrze\u0107 w \u015bwiecie\u201d \u2013 Mahatma Ghandi | Marta Tafelski","isPartOf":{"@id":"https:\/\/marta-tafelski.com\/#website"},"primaryImageOfPage":{"@id":"https:\/\/marta-tafelski.com\/badz-zmiana-ktora-pragniesz-ujrzec-w-swiecie-mahatma-ghandi\/#primaryimage"},"image":{"@id":"https:\/\/marta-tafelski.com\/badz-zmiana-ktora-pragniesz-ujrzec-w-swiecie-mahatma-ghandi\/#primaryimage"},"thumbnailUrl":"https:\/\/marta-tafelski.com\/wp-content\/uploads\/2020\/10\/Marta-Tafelski-Badz-zmiana-1-e1674499579292.jpg","datePublished":"2020-10-14T19:01:21+00:00","dateModified":"2023-09-17T13:50:47+00:00","description":"\u201cB\u0105d\u017a zmian\u0105, kt\u00f3r\u0105 pragniesz ujrze\u0107 w \u015bwiecie\u201d \u2013 Mahatma Ghandi. W tych s\u0142owach zawarty jest bardzo konkretny przekaz: zacznij od sie...","breadcrumb":{"@id":"https:\/\/marta-tafelski.com\/badz-zmiana-ktora-pragniesz-ujrzec-w-swiecie-mahatma-ghandi\/#breadcrumb"},"inLanguage":"de","potentialAction":[{"@type":"ReadAction","target":["https:\/\/marta-tafelski.com\/badz-zmiana-ktora-pragniesz-ujrzec-w-swiecie-mahatma-ghandi\/"]}]},{"@type":"ImageObject","inLanguage":"de","@id":"https:\/\/marta-tafelski.com\/badz-zmiana-ktora-pragniesz-ujrzec-w-swiecie-mahatma-ghandi\/#primaryimage","url":"https:\/\/marta-tafelski.com\/wp-content\/uploads\/2020\/10\/Marta-Tafelski-Badz-zmiana-1-e1674499579292.jpg","contentUrl":"https:\/\/marta-tafelski.com\/wp-content\/uploads\/2020\/10\/Marta-Tafelski-Badz-zmiana-1-e1674499579292.jpg","width":734,"height":838,"caption":"Marta Tafelski"},{"@type":"BreadcrumbList","@id":"https:\/\/marta-tafelski.com\/badz-zmiana-ktora-pragniesz-ujrzec-w-swiecie-mahatma-ghandi\/#breadcrumb","itemListElement":[{"@type":"ListItem","position":1,"name":"Strona g\u0142\u00f3wna","item":"https:\/\/marta-tafelski.com\/"},{"@type":"ListItem","position":2,"name":"\u201cB\u0105d\u017a zmian\u0105, kt\u00f3r\u0105 pragniesz ujrze\u0107 w \u015bwiecie\u201d \u2013 Mahatma Ghandi"}]},{"@type":"WebSite","@id":"https:\/\/marta-tafelski.com\/#website","url":"https:\/\/marta-tafelski.com\/","name":"Marta Tafelski","description":"Coaching | Music | Consulting","publisher":{"@id":"https:\/\/marta-tafelski.com\/#\/schema\/person\/65ccabda9c3e0546fd522b12bd1a360c"},"potentialAction":[{"@type":"SearchAction","target":{"@type":"EntryPoint","urlTemplate":"https:\/\/marta-tafelski.com\/?s={search_term_string}"},"query-input":{"@type":"PropertyValueSpecification","valueRequired":true,"valueName":"search_term_string"}}],"inLanguage":"de"},{"@type":["Person","Organization"],"@id":"https:\/\/marta-tafelski.com\/#\/schema\/person\/65ccabda9c3e0546fd522b12bd1a360c","name":"Marta Tafelski","image":{"@type":"ImageObject","inLanguage":"de","@id":"https:\/\/marta-tafelski.com\/#\/schema\/person\/image\/","url":"https:\/\/marta-tafelski.com\/wp-content\/uploads\/2024\/11\/LOGO-1.png","contentUrl":"https:\/\/marta-tafelski.com\/wp-content\/uploads\/2024\/11\/LOGO-1.png","width":512,"height":512,"caption":"Marta Tafelski"},"logo":{"@id":"https:\/\/marta-tafelski.com\/#\/schema\/person\/image\/"},"sameAs":["http:\/\/www.marta-tafelski.com","https:\/\/www.facebook.com\/marta.tafelski","https:\/\/www.instagram.com\/marta.tafelski\/?hl=de","https:\/\/youtube.com\/channel\/UCPTT16OLuyhrNC4K2XlKXPQ"]}]}},"_links":{"self":[{"href":"https:\/\/marta-tafelski.com\/de\/wp-json\/wp\/v2\/posts\/188"}],"collection":[{"href":"https:\/\/marta-tafelski.com\/de\/wp-json\/wp\/v2\/posts"}],"about":[{"href":"https:\/\/marta-tafelski.com\/de\/wp-json\/wp\/v2\/types\/post"}],"author":[{"embeddable":true,"href":"https:\/\/marta-tafelski.com\/de\/wp-json\/wp\/v2\/users\/1"}],"replies":[{"embeddable":true,"href":"https:\/\/marta-tafelski.com\/de\/wp-json\/wp\/v2\/comments?post=188"}],"version-history":[{"count":0,"href":"https:\/\/marta-tafelski.com\/de\/wp-json\/wp\/v2\/posts\/188\/revisions"}],"wp:featuredmedia":[{"embeddable":true,"href":"https:\/\/marta-tafelski.com\/de\/wp-json\/wp\/v2\/media\/2075"}],"wp:attachment":[{"href":"https:\/\/marta-tafelski.com\/de\/wp-json\/wp\/v2\/media?parent=188"}],"wp:term":[{"taxonomy":"category","embeddable":true,"href":"https:\/\/marta-tafelski.com\/de\/wp-json\/wp\/v2\/categories?post=188"},{"taxonomy":"post_tag","embeddable":true,"href":"https:\/\/marta-tafelski.com\/de\/wp-json\/wp\/v2\/tags?post=188"}],"curies":[{"name":"wp","href":"https:\/\/api.w.org\/{rel}","templated":true}]}}